{"id":108,"date":"2021-03-09T21:34:00","date_gmt":"2021-03-09T19:34:00","guid":{"rendered":"http:\/\/membit.dy.fi:1080\/?p=108"},"modified":"2021-04-07T21:36:30","modified_gmt":"2021-04-07T18:36:30","slug":"sopimus-elimaen-nurmikentan-kaytosta","status":"publish","type":"post","link":"http:\/\/fcvillisiat.net\/?p=108","title":{"rendered":"Sopimus Elim\u00e4en nurmikent\u00e4n k\u00e4yt\u00f6st\u00e4"},"content":{"rendered":"\n<p>Kaupunki p\u00e4\u00e4tti lakkauttaa Elim\u00e4en jalkapallokent\u00e4n hoidon vuoden 2020 loppuun. Pelit Elim\u00e4en nurmikent\u00e4ll\u00e4 eli tuttavallisemmin Kim Barkas areenalla kuitenkin jatkuvat ensi kes\u00e4st\u00e4 l\u00e4htien Villisikojen yll\u00e4pit\u00e4m\u00e4n\u00e4.<\/p>\n\n\n\n<p>Pitk\u00e4lliset keskustelut Elim\u00e4en nurmikent\u00e4st\u00e4 on kaupungin kanssa saatu p\u00e4\u00e4t\u00f6kseen. Neuvotteluiden tulos ei valitettavasti kuitenkaan ollut toiveidemme mukainen, sill\u00e4 tukea kent\u00e4n py\u00f6ritt\u00e4miseen emme kaupungilta en\u00e4\u00e4 saa. Tahdoimme kuitenkin mahdollistaa jalkapallon harrastusmahdollisuudet Elim\u00e4ell\u00e4 jatkossakin, vaikka ilman kaupungin tukeakin. Jalkapallomaalit kent\u00e4lle sent\u00e4\u00e4n onneksi saavat j\u00e4\u00e4d\u00e4. Kent\u00e4nhoidosta vastaamme osin talkoovoimin, osan toivomme saavamme katettua paikallisen tuen ja kentt\u00e4maksujen muodossa ja lopun katamme omasta kukkarostamme.<\/p>\n\n\n\n<p>Junioreiden ja nuorten harrastuskustannuksien pit\u00e4minen alhaisena on ollut meid\u00e4n l\u00e4ht\u00f6kohtana alusta l\u00e4htien. T\u00e4st\u00e4 periaatteesta emme halua luopua jatkossakaan vaan olemme p\u00e4\u00e4tt\u00e4neet tarjota kaikki junioreiden harjoitusvuorot kaudelle 2021 ilmaiseksi.<\/p>\n\n\n\n<p>Pelivuorot ja aikuistenkin vuorot lupaamme edulliseen hintaan.<\/p>\n\n\n\n<p>Varattujen vuorojen ulkopuolella kentt\u00e4 on paikallisten vapaassa k\u00e4yt\u00f6ss\u00e4.<\/p>\n\n\n\n<p>Kentt\u00e4vuorojen varaukset p. 0408634854<\/p>\n","protected":false},"excerpt":{"rendered":"<p>Kaupunki p\u00e4\u00e4tti lakkauttaa Elim\u00e4en jalkapallokent\u00e4n hoidon vuoden 2020 loppuun. Pelit Elim\u00e4en nurmikent\u00e4ll\u00e4 eli tuttavallisemmin Kim Barkas areenalla kuitenkin jatkuvat ensi kes\u00e4st\u00e4 l\u00e4htien Villisikojen yll\u00e4pit\u00e4m\u00e4n\u00e4. Pitk\u00e4lliset keskustelut Elim\u00e4en nurmikent\u00e4st\u00e4 on kaupungin kanssa saatu p\u00e4\u00e4t\u00f6kseen. Neuvotteluiden tulos ei valitettavasti kuitenkaan ollut toiveidemme mukainen, sill\u00e4 tukea kent\u00e4n py\u00f6ritt\u00e4miseen emme kaupungilta en\u00e4\u00e4 saa. Tahdoimme kuitenkin mahdollistaa jalkapallon harrastusmahdollisuudet Elim\u00e4ell\u00e4 [&hellip;]<\/p>\n","protected":false},"author":1,"featured_media":0,"comment_status":"closed","ping_status":"closed","sticky":false,"template":"","format":"standard","meta":{"footnotes":""},"categories":[1],"tags":[],"class_list":["post-108","post","type-post","status-publish","format-standard","hentry","category-uncategorized"],"_links":{"self":[{"href":"http:\/\/fcvillisiat.net\/index.php?rest_route=\/wp\/v2\/posts\/108","targetHints":{"allow":["GET"]}}],"collection":[{"href":"http:\/\/fcvillisiat.net\/index.php?rest_route=\/wp\/v2\/posts"}],"about":[{"href":"http:\/\/fcvillisiat.net\/index.php?rest_route=\/wp\/v2\/types\/post"}],"author":[{"embeddable":true,"href":"http:\/\/fcvillisiat.net\/index.php?rest_route=\/wp\/v2\/users\/1"}],"replies":[{"embeddable":true,"href":"http:\/\/fcvillisiat.net\/index.php?rest_route=%2Fwp%2Fv2%2Fcomments&post=108"}],"version-history":[{"count":1,"href":"http:\/\/fcvillisiat.net\/index.php?rest_route=\/wp\/v2\/posts\/108\/revisions"}],"predecessor-version":[{"id":109,"href":"http:\/\/fcvillisiat.net\/index.php?rest_route=\/wp\/v2\/posts\/108\/revisions\/109"}],"wp:attachment":[{"href":"http:\/\/fcvillisiat.net\/index.php?rest_route=%2Fwp%2Fv2%2Fmedia&parent=108"}],"wp:term":[{"taxonomy":"category","embeddable":true,"href":"http:\/\/fcvillisiat.net\/index.php?rest_route=%2Fwp%2Fv2%2Fcategories&post=108"},{"taxonomy":"post_tag","embeddable":true,"href":"http:\/\/fcvillisiat.net\/index.php?rest_route=%2Fwp%2Fv2%2Ftags&post=108"}],"curies":[{"name":"wp","href":"https:\/\/api.w.org\/{rel}","templated":true}]}}